{"id":2662,"date":"2024-01-28T16:24:37","date_gmt":"2024-01-28T16:24:37","guid":{"rendered":"https:\/\/tuscasasdemadera.com\/?p=2662"},"modified":"2024-01-28T16:24:40","modified_gmt":"2024-01-28T16:24:40","slug":"aviso-legal","status":"publish","type":"post","link":"https:\/\/tuscasasdemadera.com\/?p=2662","title":{"rendered":"Aviso Legal"},"content":{"rendered":"\n<p><strong>Propiedad &nbsp;Intelectual e Industrial<\/strong><\/p>\n\n\n\n<p>Este website y los contenidos que alberga&nbsp;<strong>se encuentran protegidos por las leyes de Propiedad Intelectual<\/strong>. No podr\u00e1n ser objeto de explotaci\u00f3n, reproducci\u00f3n, distribuci\u00f3n, modificaci\u00f3n, comunicaci\u00f3n p\u00fablica, cesi\u00f3n o transformaci\u00f3n. El acceso a este website no otorga a los usuarios derecho, ni titularidad alguna sobre los derechos de propiedad intelectual de los contenidos que alberga este website.<\/p>\n\n\n\n<p>El contenido de este website puede ser descargado al terminal del usuario ,siempre que sea para su&nbsp;<strong>uso privado y sin ning\u00fan fin comercial<\/strong>; por lo tanto no podr\u00e1 explotar, reproducir, distribuir, modificar, comunicar p\u00fablicamente, ceder, transformar o usar el contenido de este website con fines p\u00fablicos o comerciales.<\/p>\n\n\n\n<p>El nombre comercial, las marcas, logos, fotograf\u00edas, planos, productos y servicios que contiene este website se encuentran protegidos por ley.<\/p>\n\n\n\n<p><strong>Casas de madera &nbsp;s.l<\/strong>&nbsp;se reserva la posibilidad de ejercer las acciones judiciales que correspondan contra los usuarios que violen o infrinjan los derechos de propiedad intelectual e industrial.<\/p>\n\n\n\n<h3 class=\"wp-block-heading\">Protecci\u00f3n de Datos<\/h3>\n\n\n\n<h3 class=\"wp-block-heading\">Consentimiento:<\/h3>\n\n\n\n<p>A los efectos de lo dispuesto en la Ley Org\u00e1nica 15\/1999 de 13 de diciembre de Protecci\u00f3n de Datos de Car\u00e1cter Personal, la persona que contacte con Casas de Madera s.l a trav\u00e9s de las direcciones de e-mail y los formularios que aparecen en esta web site, autoriza y consiente expresamente que sus datos personales y su direcci\u00f3n de correo electr\u00f3nico sean incorporados a ficheros automatizados de esta entidad. El archivo de dichos datos tiene como finalidad dar respuesta a las cuestiones que nos plantea el usuario. Asimismo dichos datos podr\u00e1n ser utilizados para remitir informaciones comerciales y publicitarias especialmente dise\u00f1adas para los interesados, siempre que el usuario no se haya opuesto a esta utilizaci\u00f3n al contestar el correspondiente formulario.<\/p>\n\n\n\n<h3 class=\"wp-block-heading\">Responsable Fichero y derechos del usuario:<\/h3>\n\n\n\n<p>El responsable del fichero es&nbsp;<strong>Casas de madera s.l<\/strong>&nbsp;, en la misma direcci\u00f3n que aparece en este aviso legal, los interesados podr\u00e1n ejercitar el derecho de acceso, rectificaci\u00f3n y cancelaci\u00f3n de los datos, poniendose en contacto previamente a trav\u00e9s del n\u00famero de tel\u00e9fono o direcci\u00f3n de correo electr\u00f3nico que aparecen en este aviso legal, indicando nombre, apellidos, DNI, actuaci\u00f3n que solicita y domicilio del usuario a fin de remitirle la confirmaci\u00f3n de su actuaci\u00f3n conforme a su solicitud.<\/p>\n\n\n\n<h3 class=\"wp-block-heading\">Seguridad de los datos personales:<\/h3>\n\n\n\n<p>&nbsp;En todo caso,&nbsp;<strong>Casas de madera s.l<\/strong>&nbsp;garantiza la confidencialidad y seguridad de los Datos Personales, habiendo adoptado las medidas legalmente exigidas de seguridad, que permiten razonablemente asegurar la protecci\u00f3n de sus datos personales y evitar la p\u00e9rdida, mal uso, alteraci\u00f3n, tratamiento o acceso no autorizado de los mismos.<\/p>\n\n\n\n<figure class=\"wp-block-image\"><img decoding=\"async\" src=\"http:\/\/localhost\/xampp\/artes\/images\/vt_logo_style4.png\" alt=\"\"\/><\/figure>\n\n\n\n<h2 class=\"wp-block-heading\">&nbsp; COPYRIGTH@2024<\/h2>\n\n\n\n<p><strong>PIDANOS UNA CITA Y VISITENOS ESTAMOS EN GANDIA VALENCIA MUCHAS CASAS PREFABRICADAS VENDIDAS EN TODA ESPA\u00d1A CON OFICINAS Y EXPOSICION EN PEDREGUER ALICANTE PREVIA CITA SOMOS FABRICANTES&nbsp;VENDEMOS Y MONTAMOS EN TODA ESPA\u00d1A EN LAS ISLAS CANARIAS Y EN LAS ISLAS BALEARES.<\/strong><\/p>\n","protected":false},"excerpt":{"rendered":"<p>Propiedad &nbsp;Intelectual e Industrial Este website y los contenidos que alberga&nbsp;se encuentran protegidos por las leyes de Propiedad Intelectual. No podr\u00e1n ser objeto de explotaci\u00f3n, reproducci\u00f3n, distribuci\u00f3n, modificaci\u00f3n, comunicaci\u00f3n p\u00fablica, cesi\u00f3n o transformaci\u00f3n. El acceso a este website no otorga a los usuarios derecho, ni titularidad alguna sobre los derechos de propiedad intelectual de los&#8230;<\/p>\n","protected":false},"author":1,"featured_media":0,"comment_status":"open","ping_status":"open","sticky":false,"template":"","format":"standard","meta":{"footnotes":""},"categories":[1],"tags":[],"class_list":["post-2662","post","type-post","status-publish","format-standard","hentry","category-uncategorized","th-blog blog-single has-post-thumbnail"],"jetpack_sharing_enabled":true,"jetpack_featured_media_url":"","_links":{"self":[{"href":"https:\/\/tuscasasdemadera.com\/index.php?rest_route=\/wp\/v2\/posts\/2662","targetHints":{"allow":["GET"]}}],"collection":[{"href":"https:\/\/tuscasasdemadera.com\/index.php?rest_route=\/wp\/v2\/posts"}],"about":[{"href":"https:\/\/tuscasasdemadera.com\/index.php?rest_route=\/wp\/v2\/types\/post"}],"author":[{"embeddable":true,"href":"https:\/\/tuscasasdemadera.com\/index.php?rest_route=\/wp\/v2\/users\/1"}],"replies":[{"embeddable":true,"href":"https:\/\/tuscasasdemadera.com\/index.php?rest_route=%2Fwp%2Fv2%2Fcomments&post=2662"}],"version-history":[{"count":1,"href":"https:\/\/tuscasasdemadera.com\/index.php?rest_route=\/wp\/v2\/posts\/2662\/revisions"}],"predecessor-version":[{"id":2663,"href":"https:\/\/tuscasasdemadera.com\/index.php?rest_route=\/wp\/v2\/posts\/2662\/revisions\/2663"}],"wp:attachment":[{"href":"https:\/\/tuscasasdemadera.com\/index.php?rest_route=%2Fwp%2Fv2%2Fmedia&parent=2662"}],"wp:term":[{"taxonomy":"category","embeddable":true,"href":"https:\/\/tuscasasdemadera.com\/index.php?rest_route=%2Fwp%2Fv2%2Fcategories&post=2662"},{"taxonomy":"post_tag","embeddable":true,"href":"https:\/\/tuscasasdemadera.com\/index.php?rest_route=%2Fwp%2Fv2%2Ftags&post=2662"}],"curies":[{"name":"wp","href":"https:\/\/api.w.org\/{rel}","templated":true}]}}